{"id":8073,"date":"2014-03-26T00:00:00","date_gmt":"2014-03-26T00:00:00","guid":{"rendered":"https:\/\/www.visualarq.com\/2014\/03\/26\/una-escuela-alegre-y-acogedora-gracias-a-la-arquitectura\/"},"modified":"2014-03-26T00:00:00","modified_gmt":"2014-03-26T00:00:00","slug":"una-escuela-alegre-y-acogedora-gracias-a-la-arquitectura","status":"publish","type":"post","link":"https:\/\/www.visualarq.com\/es\/una-escuela-alegre-y-acogedora-gracias-a-la-arquitectura\/","title":{"rendered":"Una escuela alegre y acogedora, gracias a la arquitectura"},"content":{"rendered":"<div id=\"attachment_2137\" style=\"width: 610px\" class=\"wp-caption aligncenter\"><img loading=\"lazy\" decoding=\"async\" aria-describedby=\"caption-attachment-2137\" class=\"size-full wp-image-2137 \" title=\"Dise\u00f1o arquitect\u00f3nico de la escuela G. Valbon en Bobigny\" alt=\"Dise\u00f1o arquitect\u00f3nico de la escuela G. Valbon en Bobigny\" src=\"https:\/\/www.visualarq.com\/wp-content\/uploads\/2019\/01\/Architectural-design-escuela-Valbon-Bobigny-600.jpg\" width=\"600\" height=\"400\" \/><p id=\"caption-attachment-2137\" class=\"wp-caption-text\">Dise\u00f1o arquitect\u00f3nico de la escuela G. Valbon en Bobigny \u00a9 Florian Kleinefenn<\/p><\/div>\n\nEn la actualidad, los esfuerzos m\u00e1s relevantes en el dise\u00f1o arquitect\u00f3nico van dirigidos a los grandes equipamientos, <a href=\"https:\/\/www.visualarq.com\/es\/2014\/02\/04\/1850\/\">museos<\/a>, estadios deportivos, galer\u00edas comerciales, rascacielos de oficinas&#8230; La base de nuestro progreso no vendr\u00e1 de esas edificaciones, sino de otras m\u00e1s b\u00e1sicas y que constituyen nuestro pilar como sociedad: <a href=\"ttp:\/\/blog.visualarq.stg\/es\/2014\/03\/19\/construyendo-la-tercera-dimension-en-la-universidad\/\">universidades<\/a> y escuelas\n\nBobigny, una ciudad en el entorno metropolitano de Par\u00eds, es una poblaci\u00f3n obrera y administrativa. Tras finalizar la Segunda Guerra Mundial y hasta la d\u00e9cada de los 60, hab\u00eda visto aumentada notablemente su poblaci\u00f3n, lo que impuls\u00f3 la edificaci\u00f3n de viviendas, a menudo, humildes. La ciudad cuenta hist\u00f3ricamente con una amplia trayectoria en la lucha por los derechos b\u00e1sicos de sus habitantes. Ya en 1955 se construy\u00f3 un conjunto de viviendas sociales denominado oficialmente \u201cCiudad de la Estrella\u201d. Su otro nombre era \u201cCiudad Emma\u00fcs\u201d ya que esta organizaci\u00f3n social, muy conocida entonces, hab\u00eda encargado su construcci\u00f3n a los arquitectos Georges Candilis, Alexis Josic y Shadrash Woods.\n\nDurante los a\u00f1os siguientes, la ciudad sigui\u00f3 creciendo y prestando especial atenci\u00f3n al urbanismo inspirado en Le Corbusier, intentando crear una ciudad \u201chabitable y armoniosa\u201d que ofreciera de forma equilibrada alojamiento, equipamientos culturales y sociales y v\u00edas de circulaci\u00f3n.\n\nEn este contexto hist\u00f3rico y social, se encarg\u00f3 la construcci\u00f3n de un edificio que reuniera guarder\u00eda, escuela primaria, ludoteca, zona deportiva y centro de ocio.\n<!--more-->\n\nSe eligi\u00f3 una ubicaci\u00f3n muy c\u00e9ntrica, cercana al ayuntamiento, y el proyecto ten\u00eda que erigirse en un punto de referencia de la vida cotidiana. Lo ha conseguido ya que, con su altura y orientaci\u00f3n, se ha convertido en un edificio ic\u00f3nico que simboliza la renovaci\u00f3n urbana y la modernizaci\u00f3n de las infraestructuras.\n\n<div id=\"attachment_2138\" style=\"width: 260px\" class=\"wp-caption alignright\"><img loading=\"lazy\" decoding=\"async\" aria-describedby=\"caption-attachment-2138\" class=\"size-full wp-image-2138 \" title=\"Fachada con placas de madera coloreada \" alt=\"Fachada con placas de madera coloreada \" src=\"https:\/\/www.visualarq.com\/wp-content\/uploads\/2019\/01\/BOBIGNY-school.-Single-panels-of-different-colours-250.jpg\" width=\"250\" height=\"376\" \/><p id=\"caption-attachment-2138\" class=\"wp-caption-text\">Fachada con placas de madera coloreada. \u00a9 Florian Kleinefenn<\/p><\/div>\n\nLa obra se encarg\u00f3 por concurso al parisino Mikou Design Studio, de las gemelas Selma y Salwa Mikou. Se trata de dos arquitectas j\u00f3venes, nacidas en Marruecos, que despu\u00e9s de su paso por los despachos de Renzo Piano y Jean Nouvel, respectivamente, crearon su propio estudio en el a\u00f1o 2005 y se declaran amantes de los proyectos culturales.\n\nEn este encargo tuvieron a su disposici\u00f3n un presupuesto de 9M de euros y han creado un edificio con una superficie \u00fatil de 4.510 m2 y un espacio exterior de 1.563 m2.\n\nPara la escuela Georges Valbon realizaron un dise\u00f1o arquitect\u00f3nico de diferentes niveles que, a primera vista, destaca por el variado colorido de los paneles de madera que se alternan con oberturas al azar. En esta alegre fachada se encuentra la entrada a la guarder\u00eda, la escuela, la ludoteca y las \u00e1reas comunes.\n\nEl edificio se ajusta al espacio urbano que delimitan las tres calles y el paseo peatonal que lo rodean y juega con las diferentes alturas para aligerar su peso y aportar una panor\u00e1mica suave y acogedora. Es un elemento emblem\u00e1tico en su entorno y proporciona perspectivas muy diferentes seg\u00fan el punto desde el que se contemple.\n\nEl objetivo era crear un espacio de protecci\u00f3n y seguridad para los ni\u00f1os sin ninguna de las caracter\u00edsticas negativas que se pueden atribuir a un lugar cerrado. Para las autoras, el volumen en espiral que se enrolla entorno al n\u00facleo central forma un entorno envolvente que protege la privacidad de los escolares.\n\n<div id=\"attachment_2141\" style=\"width: 610px\" class=\"wp-caption aligncenter\"><img loading=\"lazy\" decoding=\"async\" aria-describedby=\"caption-attachment-2141\" class=\"size-full wp-image-2141 \" title=\"Interior del patio de la escuela dise\u00f1ada por Studio Mikou\" alt=\"Interior del patio de la escuela dise\u00f1ada por Studio Mikou\" src=\"https:\/\/www.visualarq.com\/wp-content\/uploads\/2019\/01\/Interior-patio-escuela-arquitectura-Studio-Mikou-600.jpg\" width=\"600\" height=\"400\" \/><p id=\"caption-attachment-2141\" class=\"wp-caption-text\">Interior del patio de la escuela dise\u00f1ada por Studio Mikou. \u00a9 Florian Kleinefenn<\/p><\/div>\n\nEn la parte norte, donde se encuentra la zona peatonal, el edificio tiene tres pisos y en ellos se concentran las actividades institucionales, el dise\u00f1o aqu\u00ed es austero. Progresivamente se transforma, ya que la altura va descendiendo de forma que en los flancos sur y oeste s\u00f3lo cuenta con dos pisos. Como este dise\u00f1o favorece la m\u00e1xima entrada de luz solar en las zonas ocupadas por los escolares, la entrada es c\u00e1lida y luminosa.\n\nLa vista superior muestra una sucesi\u00f3n de terrazas ajardinadas que rodean el hueco del patio de la guarder\u00eda de la planta de la entrada y el del patio de la escuela en el primer piso, siguiendo con la intenci\u00f3n de crear un muro de vegetaci\u00f3n que acoja un espacio amable y protector para los ni\u00f1os.\n\nLa planta principal la ocupa la guarder\u00eda y est\u00e1 dise\u00f1ada en torno a un patio ovalado para que jueguen los m\u00e1s peque\u00f1os. En la primera y segunda planta se encuentra la escuela primaria, cuyas aulas miran hacia su propio patio. Dentro del edificio hay un atrio de forma oval que permite que la luz se distribuya hacia todos los niveles.\n\n<div id=\"attachment_2134\" style=\"width: 610px\" class=\"wp-caption aligncenter\"><img loading=\"lazy\" decoding=\"async\" aria-describedby=\"caption-attachment-2134\" class=\"size-full wp-image-2134 \" title=\"El dise\u00f1o arquitect\u00f3nico permite que la luz se distribuya por todo el edificio\" alt=\"El dise\u00f1o arquitect\u00f3nico permite que la luz se distribuya por todo el edificio\" src=\"https:\/\/www.visualarq.com\/wp-content\/uploads\/2019\/01\/architectural-design-permite-luz-entre-edificio-600.jpg\" width=\"600\" height=\"448\" \/><p id=\"caption-attachment-2134\" class=\"wp-caption-text\">El dise\u00f1o arquitect\u00f3nico permite que la luz se distribuya por todo el edificio. \u00a9 Florian Kleinefenn<\/p><\/div>\n\nTeniendo en cuenta el uso infantil del edificio, se han utilizado materiales de protecci\u00f3n ac\u00fastica en paredes y techos.\n\nLas herramientas para desarrollar este proyecto han sido AutoCAD LT 2011 y Rhinoceros, Adobe Photoshop, Adobe Illustrator. VisualARQ podr\u00eda ser de gran ayuda para modelar este proyecto en 3D de forma r\u00e1pida y eficaz, sobre todo para generar la gran cantidad de elementos de formas curvas que tiene el proyecto:\u00a0<a href=\"https:\/\/youtu.be\/h3AIYGjNx9k\" target=\"_blank\">muros<\/a>,\u00a0<a href=\"https:\/\/youtu.be\/qiHj0pjiaJ8\" target=\"_blank\">barandillas<\/a>,\u00a0<a href=\"https:\/\/youtu.be\/aetOl0F9m04\" target=\"_blank\">forjados<\/a>, etc\u2026\n\n<div id=\"attachment_2136\" style=\"width: 610px\" class=\"wp-caption aligncenter\"><img loading=\"lazy\" decoding=\"async\" aria-describedby=\"caption-attachment-2136\" class=\"size-full wp-image-2136 \" title=\"Croquis del dise\u00f1o del Studio Mikou para la escuela de Bobigny\" alt=\"Croquis del dise\u00f1o del Studio Mikou para la escuela de Bobigny. \u00a9 Mikou Studio\" src=\"https:\/\/www.visualarq.com\/wp-content\/uploads\/2019\/01\/Plano-y-croquis-diseno-arquitectonico-Studio-Mikou-escuela-Bobigny.jpg\" width=\"600\" height=\"606\" \/><p id=\"caption-attachment-2136\" class=\"wp-caption-text\">Croquis del dise\u00f1o del Studio Mikou para la escuela de Bobigny<\/p><\/div>\n\nLas hermanas Mikou han creado una escuela y un jard\u00edn, una nota de armon\u00eda, color y alegr\u00eda para los habitantes de Bobigny.\n\n<em>(Art\u00edculo de <a href=\"https:\/\/goo.gl\/H15TC2\">M.A.\u00a0N\u00fa\u00f1ez<\/a>)<\/em>","protected":false},"excerpt":{"rendered":"<p>En la actualidad, los esfuerzos m\u00e1s relevantes en el dise\u00f1o arquitect\u00f3nico van dirigidos a los grandes equipamientos, museos, estadios deportivos, galer\u00edas comerciales, rascacielos de oficinas&#8230; La base de nuestro progreso no vendr\u00e1 de esas edificaciones, sino de otras m\u00e1s b\u00e1sicas y que constituyen nuestro pilar como sociedad: universidades y escuelas Bobigny, una ciudad en el [&hellip;]<\/p>\n","protected":false},"author":6,"featured_media":4602,"comment_status":"closed","ping_status":"closed","sticky":false,"template":"","format":"standard","meta":{"_et_pb_use_builder":"","_et_pb_old_content":"","_et_gb_content_width":"","footnotes":""},"categories":[1741],"tags":[1331],"class_list":["post-8073","post","type-post","status-publish","format-standard","has-post-thumbnail","hentry","category-articulos","tag-projects-es"],"yoast_head":"<!-- This site is optimized with the Yoast SEO plugin v27.3 - https:\/\/yoast.com\/product\/yoast-seo-wordpress\/ -->\n<title>Una escuela alegre y acogedora, gracias a la arquitectura - VisualARQ<\/title>\n<meta name=\"robots\" content=\"index, follow, max-snippet:-1, max-image-preview:large, max-video-preview:-1\" \/>\n<link rel=\"canonical\" href=\"https:\/\/www.visualarq.com\/es\/una-escuela-alegre-y-acogedora-gracias-a-la-arquitectura\/\" \/>\n<meta property=\"og:locale\" content=\"es_ES\" \/>\n<meta property=\"og:type\" content=\"article\" \/>\n<meta property=\"og:title\" content=\"Una escuela alegre y acogedora, gracias a la arquitectura - VisualARQ\" \/>\n<meta property=\"og:description\" content=\"En la actualidad, los esfuerzos m\u00e1s relevantes en el dise\u00f1o arquitect\u00f3nico van dirigidos a los grandes equipamientos, museos, estadios deportivos, galer\u00edas comerciales, rascacielos de oficinas&#8230; La base de nuestro progreso no vendr\u00e1 de esas edificaciones, sino de otras m\u00e1s b\u00e1sicas y que constituyen nuestro pilar como sociedad: universidades y escuelas Bobigny, una ciudad en el [&hellip;]\" \/>\n<meta property=\"og:url\" content=\"https:\/\/www.visualarq.com\/es\/una-escuela-alegre-y-acogedora-gracias-a-la-arquitectura\/\" \/>\n<meta property=\"og:site_name\" content=\"VisualARQ\" \/>\n<meta property=\"article:publisher\" content=\"https:\/\/www.facebook.com\/visualarq\" \/>\n<meta property=\"article:published_time\" content=\"2014-03-26T00:00:00+00:00\" \/>\n<meta property=\"og:image\" content=\"https:\/\/www.visualarq.com\/wp-content\/uploads\/2019\/01\/Plano-y-croquis-diseno-arquitectonico-Studio-Mikou-escuela-Bobigny.jpg\" \/>\n\t<meta property=\"og:image:width\" content=\"600\" \/>\n\t<meta property=\"og:image:height\" content=\"606\" \/>\n\t<meta property=\"og:image:type\" content=\"image\/jpeg\" \/>\n<meta name=\"author\" content=\"Francesc Salla\" \/>\n<meta name=\"twitter:card\" content=\"summary_large_image\" \/>\n<meta name=\"twitter:creator\" content=\"@VisualARQ\" \/>\n<meta name=\"twitter:site\" content=\"@VisualARQ\" \/>\n<meta name=\"twitter:label1\" content=\"Escrito por\" \/>\n\t<meta name=\"twitter:data1\" content=\"Francesc Salla\" \/>\n\t<meta name=\"twitter:label2\" content=\"Tiempo de lectura\" \/>\n\t<meta name=\"twitter:data2\" content=\"5 minutos\" \/>\n<script type=\"application\/ld+json\" class=\"yoast-schema-graph\">{\"@context\":\"https:\\\/\\\/schema.org\",\"@graph\":[{\"@type\":\"Article\",\"@id\":\"https:\\\/\\\/www.visualarq.com\\\/es\\\/una-escuela-alegre-y-acogedora-gracias-a-la-arquitectura\\\/#article\",\"isPartOf\":{\"@id\":\"https:\\\/\\\/www.visualarq.com\\\/es\\\/una-escuela-alegre-y-acogedora-gracias-a-la-arquitectura\\\/\"},\"author\":{\"name\":\"Francesc Salla\",\"@id\":\"https:\\\/\\\/www.visualarq.com\\\/es\\\/#\\\/schema\\\/person\\\/f61c67cb6ff7f707ad48dc1bd00d7371\"},\"headline\":\"Una escuela alegre y acogedora, gracias a la arquitectura\",\"datePublished\":\"2014-03-26T00:00:00+00:00\",\"mainEntityOfPage\":{\"@id\":\"https:\\\/\\\/www.visualarq.com\\\/es\\\/una-escuela-alegre-y-acogedora-gracias-a-la-arquitectura\\\/\"},\"wordCount\":981,\"image\":{\"@id\":\"https:\\\/\\\/www.visualarq.com\\\/es\\\/una-escuela-alegre-y-acogedora-gracias-a-la-arquitectura\\\/#primaryimage\"},\"thumbnailUrl\":\"https:\\\/\\\/www.visualarq.com\\\/wp-content\\\/uploads\\\/2019\\\/01\\\/Plano-y-croquis-diseno-arquitectonico-Studio-Mikou-escuela-Bobigny.jpg\",\"keywords\":[\"Proyectos\"],\"articleSection\":[\"Art\u00edculos\"],\"inLanguage\":\"es\"},{\"@type\":\"WebPage\",\"@id\":\"https:\\\/\\\/www.visualarq.com\\\/es\\\/una-escuela-alegre-y-acogedora-gracias-a-la-arquitectura\\\/\",\"url\":\"https:\\\/\\\/www.visualarq.com\\\/es\\\/una-escuela-alegre-y-acogedora-gracias-a-la-arquitectura\\\/\",\"name\":\"Una escuela alegre y acogedora, gracias a la arquitectura - VisualARQ\",\"isPartOf\":{\"@id\":\"https:\\\/\\\/www.visualarq.com\\\/es\\\/#website\"},\"primaryImageOfPage\":{\"@id\":\"https:\\\/\\\/www.visualarq.com\\\/es\\\/una-escuela-alegre-y-acogedora-gracias-a-la-arquitectura\\\/#primaryimage\"},\"image\":{\"@id\":\"https:\\\/\\\/www.visualarq.com\\\/es\\\/una-escuela-alegre-y-acogedora-gracias-a-la-arquitectura\\\/#primaryimage\"},\"thumbnailUrl\":\"https:\\\/\\\/www.visualarq.com\\\/wp-content\\\/uploads\\\/2019\\\/01\\\/Plano-y-croquis-diseno-arquitectonico-Studio-Mikou-escuela-Bobigny.jpg\",\"datePublished\":\"2014-03-26T00:00:00+00:00\",\"author\":{\"@id\":\"https:\\\/\\\/www.visualarq.com\\\/es\\\/#\\\/schema\\\/person\\\/f61c67cb6ff7f707ad48dc1bd00d7371\"},\"breadcrumb\":{\"@id\":\"https:\\\/\\\/www.visualarq.com\\\/es\\\/una-escuela-alegre-y-acogedora-gracias-a-la-arquitectura\\\/#breadcrumb\"},\"inLanguage\":\"es\",\"potentialAction\":[{\"@type\":\"ReadAction\",\"target\":[\"https:\\\/\\\/www.visualarq.com\\\/es\\\/una-escuela-alegre-y-acogedora-gracias-a-la-arquitectura\\\/\"]}]},{\"@type\":\"ImageObject\",\"inLanguage\":\"es\",\"@id\":\"https:\\\/\\\/www.visualarq.com\\\/es\\\/una-escuela-alegre-y-acogedora-gracias-a-la-arquitectura\\\/#primaryimage\",\"url\":\"https:\\\/\\\/www.visualarq.com\\\/wp-content\\\/uploads\\\/2019\\\/01\\\/Plano-y-croquis-diseno-arquitectonico-Studio-Mikou-escuela-Bobigny.jpg\",\"contentUrl\":\"https:\\\/\\\/www.visualarq.com\\\/wp-content\\\/uploads\\\/2019\\\/01\\\/Plano-y-croquis-diseno-arquitectonico-Studio-Mikou-escuela-Bobigny.jpg\",\"width\":600,\"height\":606},{\"@type\":\"BreadcrumbList\",\"@id\":\"https:\\\/\\\/www.visualarq.com\\\/es\\\/una-escuela-alegre-y-acogedora-gracias-a-la-arquitectura\\\/#breadcrumb\",\"itemListElement\":[{\"@type\":\"ListItem\",\"position\":1,\"name\":\"Home\",\"item\":\"https:\\\/\\\/www.visualarq.com\\\/es\\\/home\\\/\"},{\"@type\":\"ListItem\",\"position\":2,\"name\":\"Una escuela alegre y acogedora, gracias a la arquitectura\"}]},{\"@type\":\"WebSite\",\"@id\":\"https:\\\/\\\/www.visualarq.com\\\/es\\\/#website\",\"url\":\"https:\\\/\\\/www.visualarq.com\\\/es\\\/\",\"name\":\"VisualARQ\",\"description\":\"Flexible BIM for Rhino\",\"potentialAction\":[{\"@type\":\"SearchAction\",\"target\":{\"@type\":\"EntryPoint\",\"urlTemplate\":\"https:\\\/\\\/www.visualarq.com\\\/es\\\/?s={search_term_string}\"},\"query-input\":{\"@type\":\"PropertyValueSpecification\",\"valueRequired\":true,\"valueName\":\"search_term_string\"}}],\"inLanguage\":\"es\"},{\"@type\":\"Person\",\"@id\":\"https:\\\/\\\/www.visualarq.com\\\/es\\\/#\\\/schema\\\/person\\\/f61c67cb6ff7f707ad48dc1bd00d7371\",\"name\":\"Francesc Salla\",\"image\":{\"@type\":\"ImageObject\",\"inLanguage\":\"es\",\"@id\":\"https:\\\/\\\/secure.gravatar.com\\\/avatar\\\/d1b28734ac3202a82f88519e56a2c30dc3797cf97a12b6ab9483115421139fb8?s=96&d=mm&r=g\",\"url\":\"https:\\\/\\\/secure.gravatar.com\\\/avatar\\\/d1b28734ac3202a82f88519e56a2c30dc3797cf97a12b6ab9483115421139fb8?s=96&d=mm&r=g\",\"contentUrl\":\"https:\\\/\\\/secure.gravatar.com\\\/avatar\\\/d1b28734ac3202a82f88519e56a2c30dc3797cf97a12b6ab9483115421139fb8?s=96&d=mm&r=g\",\"caption\":\"Francesc Salla\"},\"url\":\"https:\\\/\\\/www.visualarq.com\\\/es\\\/author\\\/fsalla\\\/\"}]}<\/script>\n<!-- \/ Yoast SEO plugin. -->","yoast_head_json":{"title":"Una escuela alegre y acogedora, gracias a la arquitectura - VisualARQ","robots":{"index":"index","follow":"follow","max-snippet":"max-snippet:-1","max-image-preview":"max-image-preview:large","max-video-preview":"max-video-preview:-1"},"canonical":"https:\/\/www.visualarq.com\/es\/una-escuela-alegre-y-acogedora-gracias-a-la-arquitectura\/","og_locale":"es_ES","og_type":"article","og_title":"Una escuela alegre y acogedora, gracias a la arquitectura - VisualARQ","og_description":"En la actualidad, los esfuerzos m\u00e1s relevantes en el dise\u00f1o arquitect\u00f3nico van dirigidos a los grandes equipamientos, museos, estadios deportivos, galer\u00edas comerciales, rascacielos de oficinas&#8230; La base de nuestro progreso no vendr\u00e1 de esas edificaciones, sino de otras m\u00e1s b\u00e1sicas y que constituyen nuestro pilar como sociedad: universidades y escuelas Bobigny, una ciudad en el [&hellip;]","og_url":"https:\/\/www.visualarq.com\/es\/una-escuela-alegre-y-acogedora-gracias-a-la-arquitectura\/","og_site_name":"VisualARQ","article_publisher":"https:\/\/www.facebook.com\/visualarq","article_published_time":"2014-03-26T00:00:00+00:00","og_image":[{"width":600,"height":606,"url":"https:\/\/www.visualarq.com\/wp-content\/uploads\/2019\/01\/Plano-y-croquis-diseno-arquitectonico-Studio-Mikou-escuela-Bobigny.jpg","type":"image\/jpeg"}],"author":"Francesc Salla","twitter_card":"summary_large_image","twitter_creator":"@VisualARQ","twitter_site":"@VisualARQ","twitter_misc":{"Escrito por":"Francesc Salla","Tiempo de lectura":"5 minutos"},"schema":{"@context":"https:\/\/schema.org","@graph":[{"@type":"Article","@id":"https:\/\/www.visualarq.com\/es\/una-escuela-alegre-y-acogedora-gracias-a-la-arquitectura\/#article","isPartOf":{"@id":"https:\/\/www.visualarq.com\/es\/una-escuela-alegre-y-acogedora-gracias-a-la-arquitectura\/"},"author":{"name":"Francesc Salla","@id":"https:\/\/www.visualarq.com\/es\/#\/schema\/person\/f61c67cb6ff7f707ad48dc1bd00d7371"},"headline":"Una escuela alegre y acogedora, gracias a la arquitectura","datePublished":"2014-03-26T00:00:00+00:00","mainEntityOfPage":{"@id":"https:\/\/www.visualarq.com\/es\/una-escuela-alegre-y-acogedora-gracias-a-la-arquitectura\/"},"wordCount":981,"image":{"@id":"https:\/\/www.visualarq.com\/es\/una-escuela-alegre-y-acogedora-gracias-a-la-arquitectura\/#primaryimage"},"thumbnailUrl":"https:\/\/www.visualarq.com\/wp-content\/uploads\/2019\/01\/Plano-y-croquis-diseno-arquitectonico-Studio-Mikou-escuela-Bobigny.jpg","keywords":["Proyectos"],"articleSection":["Art\u00edculos"],"inLanguage":"es"},{"@type":"WebPage","@id":"https:\/\/www.visualarq.com\/es\/una-escuela-alegre-y-acogedora-gracias-a-la-arquitectura\/","url":"https:\/\/www.visualarq.com\/es\/una-escuela-alegre-y-acogedora-gracias-a-la-arquitectura\/","name":"Una escuela alegre y acogedora, gracias a la arquitectura - VisualARQ","isPartOf":{"@id":"https:\/\/www.visualarq.com\/es\/#website"},"primaryImageOfPage":{"@id":"https:\/\/www.visualarq.com\/es\/una-escuela-alegre-y-acogedora-gracias-a-la-arquitectura\/#primaryimage"},"image":{"@id":"https:\/\/www.visualarq.com\/es\/una-escuela-alegre-y-acogedora-gracias-a-la-arquitectura\/#primaryimage"},"thumbnailUrl":"https:\/\/www.visualarq.com\/wp-content\/uploads\/2019\/01\/Plano-y-croquis-diseno-arquitectonico-Studio-Mikou-escuela-Bobigny.jpg","datePublished":"2014-03-26T00:00:00+00:00","author":{"@id":"https:\/\/www.visualarq.com\/es\/#\/schema\/person\/f61c67cb6ff7f707ad48dc1bd00d7371"},"breadcrumb":{"@id":"https:\/\/www.visualarq.com\/es\/una-escuela-alegre-y-acogedora-gracias-a-la-arquitectura\/#breadcrumb"},"inLanguage":"es","potentialAction":[{"@type":"ReadAction","target":["https:\/\/www.visualarq.com\/es\/una-escuela-alegre-y-acogedora-gracias-a-la-arquitectura\/"]}]},{"@type":"ImageObject","inLanguage":"es","@id":"https:\/\/www.visualarq.com\/es\/una-escuela-alegre-y-acogedora-gracias-a-la-arquitectura\/#primaryimage","url":"https:\/\/www.visualarq.com\/wp-content\/uploads\/2019\/01\/Plano-y-croquis-diseno-arquitectonico-Studio-Mikou-escuela-Bobigny.jpg","contentUrl":"https:\/\/www.visualarq.com\/wp-content\/uploads\/2019\/01\/Plano-y-croquis-diseno-arquitectonico-Studio-Mikou-escuela-Bobigny.jpg","width":600,"height":606},{"@type":"BreadcrumbList","@id":"https:\/\/www.visualarq.com\/es\/una-escuela-alegre-y-acogedora-gracias-a-la-arquitectura\/#breadcrumb","itemListElement":[{"@type":"ListItem","position":1,"name":"Home","item":"https:\/\/www.visualarq.com\/es\/home\/"},{"@type":"ListItem","position":2,"name":"Una escuela alegre y acogedora, gracias a la arquitectura"}]},{"@type":"WebSite","@id":"https:\/\/www.visualarq.com\/es\/#website","url":"https:\/\/www.visualarq.com\/es\/","name":"VisualARQ","description":"Flexible BIM for Rhino","potentialAction":[{"@type":"SearchAction","target":{"@type":"EntryPoint","urlTemplate":"https:\/\/www.visualarq.com\/es\/?s={search_term_string}"},"query-input":{"@type":"PropertyValueSpecification","valueRequired":true,"valueName":"search_term_string"}}],"inLanguage":"es"},{"@type":"Person","@id":"https:\/\/www.visualarq.com\/es\/#\/schema\/person\/f61c67cb6ff7f707ad48dc1bd00d7371","name":"Francesc Salla","image":{"@type":"ImageObject","inLanguage":"es","@id":"https:\/\/secure.gravatar.com\/avatar\/d1b28734ac3202a82f88519e56a2c30dc3797cf97a12b6ab9483115421139fb8?s=96&d=mm&r=g","url":"https:\/\/secure.gravatar.com\/avatar\/d1b28734ac3202a82f88519e56a2c30dc3797cf97a12b6ab9483115421139fb8?s=96&d=mm&r=g","contentUrl":"https:\/\/secure.gravatar.com\/avatar\/d1b28734ac3202a82f88519e56a2c30dc3797cf97a12b6ab9483115421139fb8?s=96&d=mm&r=g","caption":"Francesc Salla"},"url":"https:\/\/www.visualarq.com\/es\/author\/fsalla\/"}]}},"_links":{"self":[{"href":"https:\/\/www.visualarq.com\/es\/wp-json\/wp\/v2\/posts\/8073","targetHints":{"allow":["GET"]}}],"collection":[{"href":"https:\/\/www.visualarq.com\/es\/wp-json\/wp\/v2\/posts"}],"about":[{"href":"https:\/\/www.visualarq.com\/es\/wp-json\/wp\/v2\/types\/post"}],"author":[{"embeddable":true,"href":"https:\/\/www.visualarq.com\/es\/wp-json\/wp\/v2\/users\/6"}],"replies":[{"embeddable":true,"href":"https:\/\/www.visualarq.com\/es\/wp-json\/wp\/v2\/comments?post=8073"}],"version-history":[{"count":0,"href":"https:\/\/www.visualarq.com\/es\/wp-json\/wp\/v2\/posts\/8073\/revisions"}],"wp:featuredmedia":[{"embeddable":true,"href":"https:\/\/www.visualarq.com\/es\/wp-json\/wp\/v2\/media\/4602"}],"wp:attachment":[{"href":"https:\/\/www.visualarq.com\/es\/wp-json\/wp\/v2\/media?parent=8073"}],"wp:term":[{"taxonomy":"category","embeddable":true,"href":"https:\/\/www.visualarq.com\/es\/wp-json\/wp\/v2\/categories?post=8073"},{"taxonomy":"post_tag","embeddable":true,"href":"https:\/\/www.visualarq.com\/es\/wp-json\/wp\/v2\/tags?post=8073"}],"curies":[{"name":"wp","href":"https:\/\/api.w.org\/{rel}","templated":true}]}}