{"id":43763,"date":"2026-08-21T09:09:43","date_gmt":"2026-08-21T09:09:43","guid":{"rendered":"https:\/\/www.visualarq.com\/generer-automatiquement-des-elevations-douverture-en-2d\/"},"modified":"2026-08-31T08:02:03","modified_gmt":"2026-08-31T08:02:03","slug":"generer-automatiquement-des-elevations-douverture-en-2d","status":"publish","type":"post","link":"https:\/\/www.visualarq.com\/fr\/generer-automatiquement-des-elevations-douverture-en-2d\/","title":{"rendered":"G\u00e9n\u00e9rer automatiquement des \u00e9l\u00e9vations d\u2019ouverture en 2D"},"content":{"rendered":"\n<figure class=\"wp-block-image aligncenter size-full\"><a href=\"https:\/\/www.youtube.com\/watch?v=0ehrMFHYFTo\"><img loading=\"lazy\" decoding=\"async\" width=\"600\" height=\"330\" src=\"https:\/\/www.visualarq.com\/wp-content\/uploads\/2026\/08\/OpeningElevation-Villa-Savoye-ICON-600.gif\" alt=\"\" class=\"wp-image-43697\"\/><\/a><\/figure>\n\n<p class=\"wp-block-paragraph\"><strong>Transformez vos ouvertures en \u00e9l\u00e9vations en quelques secondes<\/strong><\/p>\n\n<p class=\"wp-block-paragraph\">La cr\u00e9ation manuelle d\u2019\u00e9l\u00e9vations de portes et fen\u00eatres est bien souvent une t\u00e2che r\u00e9p\u00e9titive et chronophage du processus de documentation architecturale. La commande de VisualARQ pour les <strong>\u00e9l\u00e9vations d\u2019ouvertures<\/strong> automatise ce processus.<\/p>\n\n<p class=\"wp-block-paragraph\">Au moyen d\u2019une simple commande, VisualARQ g\u00e9n\u00e8re <strong>les \u00e9l\u00e9vations en 2D de toutes les portes et fen\u00eatres directement dans l\u2019espace de mod\u00e9lisation<\/strong> en incluant automatiquement <strong>les cotes et les \u00e9tiquettes qui leur ont \u00e9t\u00e9 attribu\u00e9es<\/strong>.<\/p>\n\n<p class=\"wp-block-paragraph\">R\u00e9sultat\u00a0: la documentation est g\u00e9n\u00e9r\u00e9e plus rapidement, les t\u00e2ches r\u00e9p\u00e9titives sont r\u00e9duites au minimum et vous pouvez consacrer davantage de temps \u00e0 la conception.<\/p>\n\n<p class=\"wp-block-paragraph\"><strong>Moins de r\u00e9daction. Plus de conception.<\/strong><\/p>\n\n<div class=\"wp-block-buttons is-content-justification-center is-layout-flex wp-container-core-buttons-is-layout-fe48e5de wp-block-buttons-is-layout-flex\">\n<div class=\"wp-block-button\"><a class=\"wp-block-button__link has-background wp-element-button\" href=\"https:\/\/www.youtube.com\/watch?v=j-SN4fgJ7sQ\" style=\"background-color:#2191ab\">D\u00e9couvrir cette fonction en action<\/a><\/div>\n<\/div>\n\n<p class=\"wp-block-paragraph\"><\/p>\n\n<hr class=\"wp-block-separator has-alpha-channel-opacity\"\/>\n\n<h3 class=\"wp-block-heading\">Autres fonctionnalit\u00e9s li\u00e9es<\/h3>\n\n<div class=\"wp-block-columns is-layout-flex wp-container-core-columns-is-layout-8f761849 wp-block-columns-is-layout-flex\">\n<div class=\"wp-block-column is-layout-flow wp-block-column-is-layout-flow\">\n<figure class=\"wp-block-image size-full\"><img loading=\"lazy\" decoding=\"async\" width=\"400\" height=\"250\" src=\"https:\/\/www.visualarq.com\/wp-content\/uploads\/2026\/08\/Opening-Elevations.gif\" alt=\"\" class=\"wp-image-43704\"\/><\/figure>\n\n\n\n<p class=\"wp-block-paragraph\"><strong>\u00c9l\u00e9vations en 2D \u00e0 partir de n\u2019importe quel profil d\u2019ouverture<\/strong><\/p>\n\n\n\n<p class=\"wp-block-paragraph\">Les portes et les fen\u00eatres cr\u00e9\u00e9es \u00e0 partir de profils personnalis\u00e9s s\u2019affichent dans les \u00e9l\u00e9vations d\u2019ouvertures avec les cotes correspondantes.<\/p>\n<\/div>\n\n\n\n<div class=\"wp-block-column is-layout-flow wp-block-column-is-layout-flow\">\n<figure class=\"wp-block-image size-full\"><img loading=\"lazy\" decoding=\"async\" width=\"400\" height=\"250\" src=\"https:\/\/www.visualarq.com\/wp-content\/uploads\/2026\/08\/Opening-Elevations-Update-400.gif\" alt=\"\" class=\"wp-image-43711\"\/><\/figure>\n\n\n\n<p class=\"wp-block-paragraph\"><strong>Lien avec les ouvertures 3D<\/strong><\/p>\n\n\n\n<p class=\"wp-block-paragraph\">Toute modification apport\u00e9e aux ouvertures 3D auxquelles elles se rapportent peut \u00eatre appliqu\u00e9e aux dessins 2D.<\/p>\n<\/div>\n<\/div>\n\n<p class=\"wp-block-paragraph\"><\/p>\n\n<div class=\"wp-block-buttons is-content-justification-center is-layout-flex wp-container-core-buttons-is-layout-fe48e5de wp-block-buttons-is-layout-flex\">\n<div class=\"wp-block-button\"><a class=\"wp-block-button__link has-background wp-element-button\" href=\"https:\/\/www.visualarq.com\/fr\/feature\/documentation\/\" style=\"background-color:#2191ab\">Fonctionnalit\u00e9s pour la documentation<\/a><\/div>\n<\/div>\n\n<p class=\"wp-block-paragraph\"><\/p>\n\n<hr class=\"wp-block-separator has-alpha-channel-opacity\"\/>\n\n<h3 class=\"wp-block-heading\">Projets d\u2019utilisateurs<\/h3>\n\n<div class=\"wp-block-columns is-layout-flex wp-container-core-columns-is-layout-8f761849 wp-block-columns-is-layout-flex\">\n<div class=\"wp-block-column is-layout-flow wp-block-column-is-layout-flow\">\n<figure class=\"wp-block-image size-full\"><a href=\"https:\/\/www.visualarq.com\/fr\/project\/modular-housing-at-barbeelstraat\/\"><img loading=\"lazy\" decoding=\"async\" width=\"400\" height=\"500\" src=\"https:\/\/www.visualarq.com\/wp-content\/uploads\/2026\/08\/Barbeelstraat-Studio-Selva-eNews-400x500-1.jpg\" alt=\"\" class=\"wp-image-43718\" srcset=\"https:\/\/www.visualarq.com\/wp-content\/uploads\/2026\/08\/Barbeelstraat-Studio-Selva-eNews-400x500-1.jpg 400w, https:\/\/www.visualarq.com\/wp-content\/uploads\/2026\/08\/Barbeelstraat-Studio-Selva-eNews-400x500-1-240x300.jpg 240w\" sizes=\"(max-width: 400px) 100vw, 400px\" \/><\/a><\/figure>\n\n\n\n<p class=\"wp-block-paragraph\"><strong><a href=\"https:\/\/www.visualarq.com\/fr\/project\/modular-housing-at-barbeelstraat\/\">Barbeelstraat<\/a><\/strong><\/p>\n\n\n\n<p class=\"wp-block-paragraph\">Appartements modulaires et mini-maisons pr\u00e9fabriqu\u00e9es aux Pays-Bas, par <strong>Studio Selva<\/strong><\/p>\n<\/div>\n\n\n\n<div class=\"wp-block-column is-layout-flow wp-block-column-is-layout-flow\">\n<figure class=\"wp-block-image size-full\"><a href=\"https:\/\/www.visualarq.com\/fr\/project\/the-cloudline\/\"><img loading=\"lazy\" decoding=\"async\" width=\"400\" height=\"500\" src=\"https:\/\/www.visualarq.com\/wp-content\/uploads\/2026\/07\/Asad-Salem-Villa-400x500-1.jpg\" alt=\"\" class=\"wp-image-43536\" srcset=\"https:\/\/www.visualarq.com\/wp-content\/uploads\/2026\/07\/Asad-Salem-Villa-400x500-1.jpg 400w, https:\/\/www.visualarq.com\/wp-content\/uploads\/2026\/07\/Asad-Salem-Villa-400x500-1-240x300.jpg 240w\" sizes=\"(max-width: 400px) 100vw, 400px\" \/><\/a><\/figure>\n\n\n\n<p class=\"wp-block-paragraph\"><strong><a href=\"https:\/\/www.visualarq.com\/fr\/project\/the-cloudline\/\">Cloudline<\/a><\/strong><\/p>\n\n\n\n<p class=\"wp-block-paragraph\">Projet de huit maisons individuelles en Suisse con\u00e7u par <strong>Raymond Ga\u00ebtan Architecture<\/strong><\/p>\n<\/div>\n<\/div>\n\n<p class=\"wp-block-paragraph\"><\/p>\n","protected":false},"excerpt":{"rendered":"<p>Transformez vos ouvertures en \u00e9l\u00e9vations en quelques secondes La cr\u00e9ation manuelle d\u2019\u00e9l\u00e9vations de portes et fen\u00eatres est bien souvent une t\u00e2che r\u00e9p\u00e9titive et chronophage du processus de documentation architecturale. La commande de VisualARQ pour les \u00e9l\u00e9vations d\u2019ouvertures automatise ce processus. Au moyen d\u2019une simple commande, VisualARQ g\u00e9n\u00e8re les \u00e9l\u00e9vations en 2D de toutes les portes [&hellip;]<\/p>\n","protected":false},"author":6,"featured_media":43728,"comment_status":"closed","ping_status":"closed","sticky":false,"template":"","format":"standard","meta":{"_et_pb_use_builder":"","_et_pb_old_content":"","_et_gb_content_width":"","footnotes":"","_members_access_role":[],"_members_access_error":""},"categories":[2436],"tags":[],"class_list":["post-43763","post","type-post","status-publish","format-standard","has-post-thumbnail","hentry","category-fonctionnalites"],"yoast_head":"<!-- This site is optimized with the Yoast SEO plugin v28.3 - https:\/\/yoast.com\/product\/yoast-seo-wordpress\/ -->\n<title>G\u00e9n\u00e9rer automatiquement des \u00e9l\u00e9vations d\u2019ouverture en 2D - VisualARQ<\/title>\n<meta name=\"robots\" content=\"index, follow, max-snippet:-1, max-image-preview:large, max-video-preview:-1\" \/>\n<link rel=\"canonical\" href=\"https:\/\/www.visualarq.com\/fr\/generer-automatiquement-des-elevations-douverture-en-2d\/\" \/>\n<meta property=\"og:locale\" content=\"fr_FR\" \/>\n<meta property=\"og:type\" content=\"article\" \/>\n<meta property=\"og:title\" content=\"G\u00e9n\u00e9rer automatiquement des \u00e9l\u00e9vations d\u2019ouverture en 2D - VisualARQ\" \/>\n<meta property=\"og:description\" content=\"Transformez vos ouvertures en \u00e9l\u00e9vations en quelques secondes La cr\u00e9ation manuelle d\u2019\u00e9l\u00e9vations de portes et fen\u00eatres est bien souvent une t\u00e2che r\u00e9p\u00e9titive et chronophage du processus de documentation architecturale. La commande de VisualARQ pour les \u00e9l\u00e9vations d\u2019ouvertures automatise ce processus. Au moyen d\u2019une simple commande, VisualARQ g\u00e9n\u00e8re les \u00e9l\u00e9vations en 2D de toutes les portes [&hellip;]\" \/>\n<meta property=\"og:url\" content=\"https:\/\/www.visualarq.com\/fr\/generer-automatiquement-des-elevations-douverture-en-2d\/\" \/>\n<meta property=\"og:site_name\" content=\"VisualARQ\" \/>\n<meta property=\"article:publisher\" content=\"https:\/\/www.facebook.com\/visualarq\" \/>\n<meta property=\"article:published_time\" content=\"2026-08-21T09:09:43+00:00\" \/>\n<meta property=\"article:modified_time\" content=\"2026-08-31T08:02:03+00:00\" \/>\n<meta property=\"og:image\" content=\"https:\/\/www.visualarq.com\/wp-content\/uploads\/2026\/08\/Opening-elevations-400.jpg\" \/>\n\t<meta property=\"og:image:width\" content=\"400\" \/>\n\t<meta property=\"og:image:height\" content=\"250\" \/>\n\t<meta property=\"og:image:type\" content=\"image\/jpeg\" \/>\n<meta name=\"author\" content=\"Francesc Salla\" \/>\n<meta name=\"twitter:card\" content=\"summary_large_image\" \/>\n<meta name=\"twitter:creator\" content=\"@VisualARQ\" \/>\n<meta name=\"twitter:site\" content=\"@VisualARQ\" \/>\n<meta name=\"twitter:label1\" content=\"\u00c9crit par\" \/>\n\t<meta name=\"twitter:data1\" content=\"Francesc Salla\" \/>\n\t<meta name=\"twitter:label2\" content=\"Dur\u00e9e de lecture estim\u00e9e\" \/>\n\t<meta name=\"twitter:data2\" content=\"1 minute\" \/>\n<script type=\"application\/ld+json\" class=\"yoast-schema-graph\">{\"@context\":\"https:\\\/\\\/schema.org\",\"@graph\":[{\"@type\":\"Article\",\"@id\":\"https:\\\/\\\/www.visualarq.com\\\/fr\\\/generer-automatiquement-des-elevations-douverture-en-2d\\\/#article\",\"isPartOf\":{\"@id\":\"https:\\\/\\\/www.visualarq.com\\\/fr\\\/generer-automatiquement-des-elevations-douverture-en-2d\\\/\"},\"author\":{\"name\":\"Francesc Salla\",\"@id\":\"https:\\\/\\\/www.visualarq.com\\\/fr\\\/#\\\/schema\\\/person\\\/f61c67cb6ff7f707ad48dc1bd00d7371\"},\"headline\":\"G\u00e9n\u00e9rer automatiquement des \u00e9l\u00e9vations d\u2019ouverture en 2D\",\"datePublished\":\"2026-08-21T09:09:43+00:00\",\"dateModified\":\"2026-08-31T08:02:03+00:00\",\"mainEntityOfPage\":{\"@id\":\"https:\\\/\\\/www.visualarq.com\\\/fr\\\/generer-automatiquement-des-elevations-douverture-en-2d\\\/\"},\"wordCount\":249,\"image\":{\"@id\":\"https:\\\/\\\/www.visualarq.com\\\/fr\\\/generer-automatiquement-des-elevations-douverture-en-2d\\\/#primaryimage\"},\"thumbnailUrl\":\"https:\\\/\\\/www.visualarq.com\\\/wp-content\\\/uploads\\\/2026\\\/08\\\/Opening-elevations-400.jpg\",\"articleSection\":[\"Fonctionnalit\u00e9s\"],\"inLanguage\":\"fr-FR\"},{\"@type\":\"WebPage\",\"@id\":\"https:\\\/\\\/www.visualarq.com\\\/fr\\\/generer-automatiquement-des-elevations-douverture-en-2d\\\/\",\"url\":\"https:\\\/\\\/www.visualarq.com\\\/fr\\\/generer-automatiquement-des-elevations-douverture-en-2d\\\/\",\"name\":\"G\u00e9n\u00e9rer automatiquement des \u00e9l\u00e9vations d\u2019ouverture en 2D - VisualARQ\",\"isPartOf\":{\"@id\":\"https:\\\/\\\/www.visualarq.com\\\/fr\\\/#website\"},\"primaryImageOfPage\":{\"@id\":\"https:\\\/\\\/www.visualarq.com\\\/fr\\\/generer-automatiquement-des-elevations-douverture-en-2d\\\/#primaryimage\"},\"image\":{\"@id\":\"https:\\\/\\\/www.visualarq.com\\\/fr\\\/generer-automatiquement-des-elevations-douverture-en-2d\\\/#primaryimage\"},\"thumbnailUrl\":\"https:\\\/\\\/www.visualarq.com\\\/wp-content\\\/uploads\\\/2026\\\/08\\\/Opening-elevations-400.jpg\",\"datePublished\":\"2026-08-21T09:09:43+00:00\",\"dateModified\":\"2026-08-31T08:02:03+00:00\",\"author\":{\"@id\":\"https:\\\/\\\/www.visualarq.com\\\/fr\\\/#\\\/schema\\\/person\\\/f61c67cb6ff7f707ad48dc1bd00d7371\"},\"breadcrumb\":{\"@id\":\"https:\\\/\\\/www.visualarq.com\\\/fr\\\/generer-automatiquement-des-elevations-douverture-en-2d\\\/#breadcrumb\"},\"inLanguage\":\"fr-FR\",\"potentialAction\":[{\"@type\":\"ReadAction\",\"target\":[\"https:\\\/\\\/www.visualarq.com\\\/fr\\\/generer-automatiquement-des-elevations-douverture-en-2d\\\/\"]}]},{\"@type\":\"ImageObject\",\"inLanguage\":\"fr-FR\",\"@id\":\"https:\\\/\\\/www.visualarq.com\\\/fr\\\/generer-automatiquement-des-elevations-douverture-en-2d\\\/#primaryimage\",\"url\":\"https:\\\/\\\/www.visualarq.com\\\/wp-content\\\/uploads\\\/2026\\\/08\\\/Opening-elevations-400.jpg\",\"contentUrl\":\"https:\\\/\\\/www.visualarq.com\\\/wp-content\\\/uploads\\\/2026\\\/08\\\/Opening-elevations-400.jpg\",\"width\":400,\"height\":250,\"caption\":\"LEAD Technologies Inc. V1.01\"},{\"@type\":\"BreadcrumbList\",\"@id\":\"https:\\\/\\\/www.visualarq.com\\\/fr\\\/generer-automatiquement-des-elevations-douverture-en-2d\\\/#breadcrumb\",\"itemListElement\":[{\"@type\":\"ListItem\",\"position\":1,\"name\":\"Home\",\"item\":\"https:\\\/\\\/www.visualarq.com\\\/fr\\\/home\\\/\"},{\"@type\":\"ListItem\",\"position\":2,\"name\":\"G\u00e9n\u00e9rer automatiquement des \u00e9l\u00e9vations d\u2019ouverture en 2D\"}]},{\"@type\":\"WebSite\",\"@id\":\"https:\\\/\\\/www.visualarq.com\\\/fr\\\/#website\",\"url\":\"https:\\\/\\\/www.visualarq.com\\\/fr\\\/\",\"name\":\"VisualARQ\",\"description\":\"Flexible BIM for Rhino\",\"potentialAction\":[{\"@type\":\"SearchAction\",\"target\":{\"@type\":\"EntryPoint\",\"urlTemplate\":\"https:\\\/\\\/www.visualarq.com\\\/fr\\\/?s={search_term_string}\"},\"query-input\":{\"@type\":\"PropertyValueSpecification\",\"valueRequired\":true,\"valueName\":\"search_term_string\"}}],\"inLanguage\":\"fr-FR\"},{\"@type\":\"Person\",\"@id\":\"https:\\\/\\\/www.visualarq.com\\\/fr\\\/#\\\/schema\\\/person\\\/f61c67cb6ff7f707ad48dc1bd00d7371\",\"name\":\"Francesc Salla\",\"image\":{\"@type\":\"ImageObject\",\"inLanguage\":\"fr-FR\",\"@id\":\"https:\\\/\\\/secure.gravatar.com\\\/avatar\\\/d1b28734ac3202a82f88519e56a2c30dc3797cf97a12b6ab9483115421139fb8?s=96&d=mm&r=g\",\"url\":\"https:\\\/\\\/secure.gravatar.com\\\/avatar\\\/d1b28734ac3202a82f88519e56a2c30dc3797cf97a12b6ab9483115421139fb8?s=96&d=mm&r=g\",\"contentUrl\":\"https:\\\/\\\/secure.gravatar.com\\\/avatar\\\/d1b28734ac3202a82f88519e56a2c30dc3797cf97a12b6ab9483115421139fb8?s=96&d=mm&r=g\",\"caption\":\"Francesc Salla\"},\"url\":\"https:\\\/\\\/www.visualarq.com\\\/fr\\\/author\\\/fsalla\\\/\"}]}<\/script>\n<!-- \/ Yoast SEO plugin. -->","yoast_head_json":{"title":"G\u00e9n\u00e9rer automatiquement des \u00e9l\u00e9vations d\u2019ouverture en 2D - VisualARQ","robots":{"index":"index","follow":"follow","max-snippet":"max-snippet:-1","max-image-preview":"max-image-preview:large","max-video-preview":"max-video-preview:-1"},"canonical":"https:\/\/www.visualarq.com\/fr\/generer-automatiquement-des-elevations-douverture-en-2d\/","og_locale":"fr_FR","og_type":"article","og_title":"G\u00e9n\u00e9rer automatiquement des \u00e9l\u00e9vations d\u2019ouverture en 2D - VisualARQ","og_description":"Transformez vos ouvertures en \u00e9l\u00e9vations en quelques secondes La cr\u00e9ation manuelle d\u2019\u00e9l\u00e9vations de portes et fen\u00eatres est bien souvent une t\u00e2che r\u00e9p\u00e9titive et chronophage du processus de documentation architecturale. La commande de VisualARQ pour les \u00e9l\u00e9vations d\u2019ouvertures automatise ce processus. Au moyen d\u2019une simple commande, VisualARQ g\u00e9n\u00e8re les \u00e9l\u00e9vations en 2D de toutes les portes [&hellip;]","og_url":"https:\/\/www.visualarq.com\/fr\/generer-automatiquement-des-elevations-douverture-en-2d\/","og_site_name":"VisualARQ","article_publisher":"https:\/\/www.facebook.com\/visualarq","article_published_time":"2026-08-21T09:09:43+00:00","article_modified_time":"2026-08-31T08:02:03+00:00","og_image":[{"width":400,"height":250,"url":"https:\/\/www.visualarq.com\/wp-content\/uploads\/2026\/08\/Opening-elevations-400.jpg","type":"image\/jpeg"}],"author":"Francesc Salla","twitter_card":"summary_large_image","twitter_creator":"@VisualARQ","twitter_site":"@VisualARQ","twitter_misc":{"\u00c9crit par":"Francesc Salla","Dur\u00e9e de lecture estim\u00e9e":"1 minute"},"schema":{"@context":"https:\/\/schema.org","@graph":[{"@type":"Article","@id":"https:\/\/www.visualarq.com\/fr\/generer-automatiquement-des-elevations-douverture-en-2d\/#article","isPartOf":{"@id":"https:\/\/www.visualarq.com\/fr\/generer-automatiquement-des-elevations-douverture-en-2d\/"},"author":{"name":"Francesc Salla","@id":"https:\/\/www.visualarq.com\/fr\/#\/schema\/person\/f61c67cb6ff7f707ad48dc1bd00d7371"},"headline":"G\u00e9n\u00e9rer automatiquement des \u00e9l\u00e9vations d\u2019ouverture en 2D","datePublished":"2026-08-21T09:09:43+00:00","dateModified":"2026-08-31T08:02:03+00:00","mainEntityOfPage":{"@id":"https:\/\/www.visualarq.com\/fr\/generer-automatiquement-des-elevations-douverture-en-2d\/"},"wordCount":249,"image":{"@id":"https:\/\/www.visualarq.com\/fr\/generer-automatiquement-des-elevations-douverture-en-2d\/#primaryimage"},"thumbnailUrl":"https:\/\/www.visualarq.com\/wp-content\/uploads\/2026\/08\/Opening-elevations-400.jpg","articleSection":["Fonctionnalit\u00e9s"],"inLanguage":"fr-FR"},{"@type":"WebPage","@id":"https:\/\/www.visualarq.com\/fr\/generer-automatiquement-des-elevations-douverture-en-2d\/","url":"https:\/\/www.visualarq.com\/fr\/generer-automatiquement-des-elevations-douverture-en-2d\/","name":"G\u00e9n\u00e9rer automatiquement des \u00e9l\u00e9vations d\u2019ouverture en 2D - VisualARQ","isPartOf":{"@id":"https:\/\/www.visualarq.com\/fr\/#website"},"primaryImageOfPage":{"@id":"https:\/\/www.visualarq.com\/fr\/generer-automatiquement-des-elevations-douverture-en-2d\/#primaryimage"},"image":{"@id":"https:\/\/www.visualarq.com\/fr\/generer-automatiquement-des-elevations-douverture-en-2d\/#primaryimage"},"thumbnailUrl":"https:\/\/www.visualarq.com\/wp-content\/uploads\/2026\/08\/Opening-elevations-400.jpg","datePublished":"2026-08-21T09:09:43+00:00","dateModified":"2026-08-31T08:02:03+00:00","author":{"@id":"https:\/\/www.visualarq.com\/fr\/#\/schema\/person\/f61c67cb6ff7f707ad48dc1bd00d7371"},"breadcrumb":{"@id":"https:\/\/www.visualarq.com\/fr\/generer-automatiquement-des-elevations-douverture-en-2d\/#breadcrumb"},"inLanguage":"fr-FR","potentialAction":[{"@type":"ReadAction","target":["https:\/\/www.visualarq.com\/fr\/generer-automatiquement-des-elevations-douverture-en-2d\/"]}]},{"@type":"ImageObject","inLanguage":"fr-FR","@id":"https:\/\/www.visualarq.com\/fr\/generer-automatiquement-des-elevations-douverture-en-2d\/#primaryimage","url":"https:\/\/www.visualarq.com\/wp-content\/uploads\/2026\/08\/Opening-elevations-400.jpg","contentUrl":"https:\/\/www.visualarq.com\/wp-content\/uploads\/2026\/08\/Opening-elevations-400.jpg","width":400,"height":250,"caption":"LEAD Technologies Inc. V1.01"},{"@type":"BreadcrumbList","@id":"https:\/\/www.visualarq.com\/fr\/generer-automatiquement-des-elevations-douverture-en-2d\/#breadcrumb","itemListElement":[{"@type":"ListItem","position":1,"name":"Home","item":"https:\/\/www.visualarq.com\/fr\/home\/"},{"@type":"ListItem","position":2,"name":"G\u00e9n\u00e9rer automatiquement des \u00e9l\u00e9vations d\u2019ouverture en 2D"}]},{"@type":"WebSite","@id":"https:\/\/www.visualarq.com\/fr\/#website","url":"https:\/\/www.visualarq.com\/fr\/","name":"VisualARQ","description":"Flexible BIM for Rhino","potentialAction":[{"@type":"SearchAction","target":{"@type":"EntryPoint","urlTemplate":"https:\/\/www.visualarq.com\/fr\/?s={search_term_string}"},"query-input":{"@type":"PropertyValueSpecification","valueRequired":true,"valueName":"search_term_string"}}],"inLanguage":"fr-FR"},{"@type":"Person","@id":"https:\/\/www.visualarq.com\/fr\/#\/schema\/person\/f61c67cb6ff7f707ad48dc1bd00d7371","name":"Francesc Salla","image":{"@type":"ImageObject","inLanguage":"fr-FR","@id":"https:\/\/secure.gravatar.com\/avatar\/d1b28734ac3202a82f88519e56a2c30dc3797cf97a12b6ab9483115421139fb8?s=96&d=mm&r=g","url":"https:\/\/secure.gravatar.com\/avatar\/d1b28734ac3202a82f88519e56a2c30dc3797cf97a12b6ab9483115421139fb8?s=96&d=mm&r=g","contentUrl":"https:\/\/secure.gravatar.com\/avatar\/d1b28734ac3202a82f88519e56a2c30dc3797cf97a12b6ab9483115421139fb8?s=96&d=mm&r=g","caption":"Francesc Salla"},"url":"https:\/\/www.visualarq.com\/fr\/author\/fsalla\/"}]}},"_links":{"self":[{"href":"https:\/\/www.visualarq.com\/fr\/wp-json\/wp\/v2\/posts\/43763","targetHints":{"allow":["GET"]}}],"collection":[{"href":"https:\/\/www.visualarq.com\/fr\/wp-json\/wp\/v2\/posts"}],"about":[{"href":"https:\/\/www.visualarq.com\/fr\/wp-json\/wp\/v2\/types\/post"}],"author":[{"embeddable":true,"href":"https:\/\/www.visualarq.com\/fr\/wp-json\/wp\/v2\/users\/6"}],"replies":[{"embeddable":true,"href":"https:\/\/www.visualarq.com\/fr\/wp-json\/wp\/v2\/comments?post=43763"}],"version-history":[{"count":3,"href":"https:\/\/www.visualarq.com\/fr\/wp-json\/wp\/v2\/posts\/43763\/revisions"}],"predecessor-version":[{"id":43766,"href":"https:\/\/www.visualarq.com\/fr\/wp-json\/wp\/v2\/posts\/43763\/revisions\/43766"}],"wp:featuredmedia":[{"embeddable":true,"href":"https:\/\/www.visualarq.com\/fr\/wp-json\/wp\/v2\/media\/43728"}],"wp:attachment":[{"href":"https:\/\/www.visualarq.com\/fr\/wp-json\/wp\/v2\/media?parent=43763"}],"wp:term":[{"taxonomy":"category","embeddable":true,"href":"https:\/\/www.visualarq.com\/fr\/wp-json\/wp\/v2\/categories?post=43763"},{"taxonomy":"post_tag","embeddable":true,"href":"https:\/\/www.visualarq.com\/fr\/wp-json\/wp\/v2\/tags?post=43763"}],"curies":[{"name":"wp","href":"https:\/\/api.w.org\/{rel}","templated":true}]}}